{"id":899,"date":"2015-06-09T22:17:19","date_gmt":"2015-06-09T19:17:19","guid":{"rendered":"http:\/\/redesow.faccat.br\/wordpress\/ceataquara\/?p=899"},"modified":"2015-06-09T22:55:36","modified_gmt":"2015-06-09T19:55:36","slug":"mude-seus-habitos-mude-o-mundo","status":"publish","type":"post","link":"https:\/\/redesow.faccat.br\/wordpress\/ceataquara\/arquivos\/899","title":{"rendered":"Mude seus H\u00e1bitos, Mude o Mundo!"},"content":{"rendered":"<p>A EMEF Rosa Elsa Mertins, iniciou a Semana de Meio Ambiente, com o Tema:Mude seus H\u00e1bitos, Mude o Mundo. Realizando a\u00e7\u00f5es com o grupo da COM-VIDA \u2013 Guardi\u00f5es da Vida Verde e alunos do sexto ao nono ano, coordenados pela professora Daione Prass do Coletivo Educador. Visando conscientizar os alunos e impactar moradores pr\u00f3ximos da escola, assim como, carros que circulavam nas proximidades, com o objetivo de atingir o maior n\u00famero de pessoas poss\u00edveis.<\/p>\n<figure id=\"attachment_901\" class=\"thumbnail wp-caption alignright\" style=\"width: 150px\"><a href=\"http:\/\/redesow.faccat.br\/wordpress\/ceataquara\/wp-content\/uploads\/sites\/15\/Com-vida-077.jpg\"><img loading=\"lazy\" decoding=\"async\" class=\"size-thumbnail wp-image-901\" src=\"http:\/\/redesow.faccat.br\/wordpress\/ceataquara\/wp-content\/uploads\/sites\/15\/Com-vida-077-150x113.jpg\" alt=\"Palestra Prof. Emilena\" width=\"150\" height=\"113\" srcset=\"https:\/\/redesow.faccat.br\/wordpress\/ceataquara\/wp-content\/uploads\/sites\/15\/Com-vida-077-150x113.jpg 150w, https:\/\/redesow.faccat.br\/wordpress\/ceataquara\/wp-content\/uploads\/sites\/15\/Com-vida-077-300x225.jpg 300w, https:\/\/redesow.faccat.br\/wordpress\/ceataquara\/wp-content\/uploads\/sites\/15\/Com-vida-077-600x450.jpg 600w\" sizes=\"auto, (max-width: 150px) 100vw, 150px\" \/><\/a><figcaption class=\"caption wp-caption-text\">Palestra Prof. Emilena<\/figcaption><\/figure>\n<p>Foram realizadas as seguintes atividades: parada ecol\u00f3gica em frente a escola, com uma faixa que aborda a seguinte pergunta \u2013 \u201cQUE MARCAS VOC\u00ca QUER DEIXAR NO PLANETA?\u201d Al\u00e9m da caminhada ecol\u00f3gica, os alunos foram convidados a recolher o lixo que encontravam pelas ruas, e entusiasmados e envolvidos com tal evento, tamb\u00e9m aconteceu a distribui\u00e7\u00e3o de folhetos, e para um melhor entendimento e acolhimento do tema, contamos ainda com a palestrante Professora Emilena Lima Prauchner, que apresenta forma\u00e7\u00e3o em Biologia e P\u00f3s gradua\u00e7\u00e3o na \u00e1rea, a qual apresentou a tem\u00e1tica dos \u201c5 Rs\u201d (repensar, reduzir, recusar, reutilizar e reciclar); intensificando a import\u00e2ncia da conscientiza\u00e7\u00e3o e a\u00e7\u00f5es pr\u00e1ticas, promovendo impacto imediato de mudan\u00e7as de h\u00e1bitos.<\/p>\n<figure id=\"attachment_904\" class=\"thumbnail wp-caption alignleft\" style=\"width: 150px\"><a href=\"http:\/\/redesow.faccat.br\/wordpress\/ceataquara\/wp-content\/uploads\/sites\/15\/Com-vida-088.jpg\"><img loading=\"lazy\" decoding=\"async\" class=\"size-thumbnail wp-image-904\" src=\"http:\/\/redesow.faccat.br\/wordpress\/ceataquara\/wp-content\/uploads\/sites\/15\/Com-vida-088-150x113.jpg\" alt=\"Parada Ecol\u00f3gica\" width=\"150\" height=\"113\" srcset=\"https:\/\/redesow.faccat.br\/wordpress\/ceataquara\/wp-content\/uploads\/sites\/15\/Com-vida-088-150x113.jpg 150w, https:\/\/redesow.faccat.br\/wordpress\/ceataquara\/wp-content\/uploads\/sites\/15\/Com-vida-088-300x225.jpg 300w, https:\/\/redesow.faccat.br\/wordpress\/ceataquara\/wp-content\/uploads\/sites\/15\/Com-vida-088-600x450.jpg 600w\" sizes=\"auto, (max-width: 150px) 100vw, 150px\" \/><\/a><figcaption class=\"caption wp-caption-text\">Parada Ecol\u00f3gica<\/figcaption><\/figure>\n<figure id=\"attachment_905\" class=\"thumbnail wp-caption alignleft\" style=\"width: 150px\"><a href=\"http:\/\/redesow.faccat.br\/wordpress\/ceataquara\/wp-content\/uploads\/sites\/15\/Com-vida-092.jpg\"><img loading=\"lazy\" decoding=\"async\" class=\"size-thumbnail wp-image-905\" src=\"http:\/\/redesow.faccat.br\/wordpress\/ceataquara\/wp-content\/uploads\/sites\/15\/Com-vida-092-150x113.jpg\" alt=\"Recolhimento de lixo durante a caminhada. \" width=\"150\" height=\"113\" srcset=\"https:\/\/redesow.faccat.br\/wordpress\/ceataquara\/wp-content\/uploads\/sites\/15\/Com-vida-092-150x113.jpg 150w, https:\/\/redesow.faccat.br\/wordpress\/ceataquara\/wp-content\/uploads\/sites\/15\/Com-vida-092-300x225.jpg 300w, https:\/\/redesow.faccat.br\/wordpress\/ceataquara\/wp-content\/uploads\/sites\/15\/Com-vida-092-600x450.jpg 600w\" sizes=\"auto, (max-width: 150px) 100vw, 150px\" \/><\/a><figcaption class=\"caption wp-caption-text\">Recolhimento de lixo durante a caminhada.<\/figcaption><\/figure>\n<p><a href=\"http:\/\/redesow.faccat.br\/wordpress\/ceataquara\/arquivos\/899\/com-vida-094\" rel=\"attachment wp-att-906\"><img loading=\"lazy\" decoding=\"async\" class=\"alignleft size-thumbnail wp-image-906\" src=\"http:\/\/redesow.faccat.br\/wordpress\/ceataquara\/wp-content\/uploads\/sites\/15\/Com-vida-094-150x113.jpg\" alt=\"Com vida 094\" width=\"150\" height=\"113\" srcset=\"https:\/\/redesow.faccat.br\/wordpress\/ceataquara\/wp-content\/uploads\/sites\/15\/Com-vida-094-150x113.jpg 150w, https:\/\/redesow.faccat.br\/wordpress\/ceataquara\/wp-content\/uploads\/sites\/15\/Com-vida-094-300x225.jpg 300w, https:\/\/redesow.faccat.br\/wordpress\/ceataquara\/wp-content\/uploads\/sites\/15\/Com-vida-094-600x450.jpg 600w\" sizes=\"auto, (max-width: 150px) 100vw, 150px\" \/><\/a><\/p>\n<p>&nbsp;<\/p>\n<p>&nbsp;<\/p>\n<p><a href=\"http:\/\/redesow.faccat.br\/wordpress\/ceataquara\/arquivos\/899\/com-vida-096\" rel=\"attachment wp-att-907\"><img loading=\"lazy\" decoding=\"async\" class=\"alignleft size-thumbnail wp-image-907\" src=\"http:\/\/redesow.faccat.br\/wordpress\/ceataquara\/wp-content\/uploads\/sites\/15\/Com-vida-096-150x113.jpg\" alt=\"Com vida 096\" width=\"150\" height=\"113\" srcset=\"https:\/\/redesow.faccat.br\/wordpress\/ceataquara\/wp-content\/uploads\/sites\/15\/Com-vida-096-150x113.jpg 150w, https:\/\/redesow.faccat.br\/wordpress\/ceataquara\/wp-content\/uploads\/sites\/15\/Com-vida-096-300x225.jpg 300w, https:\/\/redesow.faccat.br\/wordpress\/ceataquara\/wp-content\/uploads\/sites\/15\/Com-vida-096-600x450.jpg 600w\" sizes=\"auto, (max-width: 150px) 100vw, 150px\" \/><\/a> <a href=\"http:\/\/redesow.faccat.br\/wordpress\/ceataquara\/arquivos\/899\/com-vida-100\" rel=\"attachment wp-att-908\"><img loading=\"lazy\" decoding=\"async\" class=\"alignleft size-thumbnail wp-image-908\" src=\"http:\/\/redesow.faccat.br\/wordpress\/ceataquara\/wp-content\/uploads\/sites\/15\/Com-vida-100-150x113.jpg\" alt=\"Com vida 100\" width=\"150\" height=\"113\" srcset=\"https:\/\/redesow.faccat.br\/wordpress\/ceataquara\/wp-content\/uploads\/sites\/15\/Com-vida-100-150x113.jpg 150w, https:\/\/redesow.faccat.br\/wordpress\/ceataquara\/wp-content\/uploads\/sites\/15\/Com-vida-100-300x225.jpg 300w, https:\/\/redesow.faccat.br\/wordpress\/ceataquara\/wp-content\/uploads\/sites\/15\/Com-vida-100-600x450.jpg 600w\" sizes=\"auto, (max-width: 150px) 100vw, 150px\" \/><\/a><\/p>\n<figure id=\"attachment_909\" class=\"thumbnail wp-caption alignleft\" style=\"width: 150px\"><a href=\"http:\/\/redesow.faccat.br\/wordpress\/ceataquara\/arquivos\/899\/com-vida-131\" rel=\"attachment wp-att-909\"><img loading=\"lazy\" decoding=\"async\" class=\"size-thumbnail wp-image-909\" src=\"http:\/\/redesow.faccat.br\/wordpress\/ceataquara\/wp-content\/uploads\/sites\/15\/Com-vida-131-150x113.jpg\" alt=\"Caminhada Ecol\u00f3gica com o COM VIDA e alunos.\" width=\"150\" height=\"113\" srcset=\"https:\/\/redesow.faccat.br\/wordpress\/ceataquara\/wp-content\/uploads\/sites\/15\/Com-vida-131-150x113.jpg 150w, https:\/\/redesow.faccat.br\/wordpress\/ceataquara\/wp-content\/uploads\/sites\/15\/Com-vida-131-300x225.jpg 300w, https:\/\/redesow.faccat.br\/wordpress\/ceataquara\/wp-content\/uploads\/sites\/15\/Com-vida-131-600x450.jpg 600w\" sizes=\"auto, (max-width: 150px) 100vw, 150px\" \/><\/a><figcaption class=\"caption wp-caption-text\">Caminhada Ecol\u00f3gica com o COM VIDA e alunos.<\/figcaption><\/figure>\n","protected":false},"excerpt":{"rendered":"<p>A EMEF Rosa Elsa Mertins, iniciou a Semana de Meio Ambiente, com o Tema:Mude seus H\u00e1bitos, Mude o Mundo. Realizando a\u00e7\u00f5es com o grupo da COM-VIDA \u2013 Guardi\u00f5es da Vida Verde e alunos do sexto ao nono ano, coordenados pela professora Daione Prass do Coletivo Educador. Visando conscientizar os alunos e impactar moradores pr\u00f3ximos da escola, assim como, carros que circulavam nas proximidades, com o objetivo de atingir o maior n\u00famero de pessoas poss\u00edveis. Foram realizadas as seguintes atividades: parada ecol\u00f3gica em frente a escola, com uma faixa que aborda a seguinte pergunta \u2013 \u201cQUE MARCAS VOC\u00ca QUER DEIXAR NO PLANETA?\u201d Al\u00e9m da caminhada ecol\u00f3gica, os alunos foram convidados a recolher o lixo que encontravam pelas ruas, e entusiasmados e envolvidos com tal evento, tamb\u00e9m aconteceu a distribui\u00e7\u00e3o de folhetos, e para um melhor entendimento e acolhimento do tema, contamos &hellip; <a href=\"https:\/\/redesow.faccat.br\/wordpress\/ceataquara\/arquivos\/899\">Continua<\/a><\/p>\n","protected":false},"author":155,"featured_media":0,"comment_status":"open","ping_status":"open","sticky":false,"template":"","format":"standard","meta":{"footnotes":""},"categories":[11],"tags":[],"class_list":["post-899","post","type-post","status-publish","format-standard","hentry","category-rosa-elsa"],"_links":{"self":[{"href":"https:\/\/redesow.faccat.br\/wordpress\/ceataquara\/wp-json\/wp\/v2\/posts\/899","targetHints":{"allow":["GET"]}}],"collection":[{"href":"https:\/\/redesow.faccat.br\/wordpress\/ceataquara\/wp-json\/wp\/v2\/posts"}],"about":[{"href":"https:\/\/redesow.faccat.br\/wordpress\/ceataquara\/wp-json\/wp\/v2\/types\/post"}],"author":[{"embeddable":true,"href":"https:\/\/redesow.faccat.br\/wordpress\/ceataquara\/wp-json\/wp\/v2\/users\/155"}],"replies":[{"embeddable":true,"href":"https:\/\/redesow.faccat.br\/wordpress\/ceataquara\/wp-json\/wp\/v2\/comments?post=899"}],"version-history":[{"count":3,"href":"https:\/\/redesow.faccat.br\/wordpress\/ceataquara\/wp-json\/wp\/v2\/posts\/899\/revisions"}],"predecessor-version":[{"id":910,"href":"https:\/\/redesow.faccat.br\/wordpress\/ceataquara\/wp-json\/wp\/v2\/posts\/899\/revisions\/910"}],"wp:attachment":[{"href":"https:\/\/redesow.faccat.br\/wordpress\/ceataquara\/wp-json\/wp\/v2\/media?parent=899"}],"wp:term":[{"taxonomy":"category","embeddable":true,"href":"https:\/\/redesow.faccat.br\/wordpress\/ceataquara\/wp-json\/wp\/v2\/categories?post=899"},{"taxonomy":"post_tag","embeddable":true,"href":"https:\/\/redesow.faccat.br\/wordpress\/ceataquara\/wp-json\/wp\/v2\/tags?post=899"}],"curies":[{"name":"wp","href":"https:\/\/api.w.org\/{rel}","templated":true}]}}