{"id":8999,"date":"2018-05-29T20:47:19","date_gmt":"2018-05-29T17:47:19","guid":{"rendered":"http:\/\/redesow.faccat.br\/wordpress\/ceataquara\/?p=8999"},"modified":"2019-06-18T16:21:08","modified_gmt":"2019-06-18T13:21:08","slug":"cronograma-referente-a-semana-do-meio-ambiente-da-e-m-e-f-nereu-wilhelms","status":"publish","type":"post","link":"https:\/\/redesow.faccat.br\/wordpress\/ceataquara\/arquivos\/8999","title":{"rendered":"Cronograma referente a semana do meio Ambiente da E.M.E.F. Nereu Wilhelms &#8211; (ODS 11 e 12)"},"content":{"rendered":"<p>Segue abaixo o cronograma referente \u00e0 semana do meio ambiente, envolvendo alunos e comunidade escolar, com o objetivo de mobilizar, refletir e propor atividades pr\u00e1ticas diferenciadas sobre quest\u00f5es ambientais importantes e necess\u00e1rias.<\/p>\n<p>&nbsp;<\/p>\n<p><a href=\"http:\/\/redesow.faccat.br\/wordpress\/ceataquara\/wp-content\/uploads\/sites\/15\/Programa\u00e7\u00e3o-do-Meio-Ambiente_E.M.E.F.-Nereu-Wilhelms.pdf\">Programa\u00e7\u00e3o do Meio Ambiente_E.M.E.F. Nereu Wilhelms<\/a><\/p>\n<p>&nbsp;<\/p>\n","protected":false},"excerpt":{"rendered":"<p>Segue abaixo o cronograma referente \u00e0 semana do meio ambiente, envolvendo alunos e comunidade escolar, com o objetivo de mobilizar, refletir e propor atividades pr\u00e1ticas diferenciadas sobre quest\u00f5es ambientais importantes e necess\u00e1rias. &nbsp; Programa\u00e7\u00e3o do Meio Ambiente_E.M.E.F. Nereu Wilhelms &nbsp;<\/p>\n","protected":false},"author":232,"featured_media":0,"comment_status":"open","ping_status":"open","sticky":false,"template":"","format":"standard","meta":{"footnotes":""},"categories":[10],"tags":[],"class_list":["post-8999","post","type-post","status-publish","format-standard","hentry","category-nereu"],"_links":{"self":[{"href":"https:\/\/redesow.faccat.br\/wordpress\/ceataquara\/wp-json\/wp\/v2\/posts\/8999","targetHints":{"allow":["GET"]}}],"collection":[{"href":"https:\/\/redesow.faccat.br\/wordpress\/ceataquara\/wp-json\/wp\/v2\/posts"}],"about":[{"href":"https:\/\/redesow.faccat.br\/wordpress\/ceataquara\/wp-json\/wp\/v2\/types\/post"}],"author":[{"embeddable":true,"href":"https:\/\/redesow.faccat.br\/wordpress\/ceataquara\/wp-json\/wp\/v2\/users\/232"}],"replies":[{"embeddable":true,"href":"https:\/\/redesow.faccat.br\/wordpress\/ceataquara\/wp-json\/wp\/v2\/comments?post=8999"}],"version-history":[{"count":3,"href":"https:\/\/redesow.faccat.br\/wordpress\/ceataquara\/wp-json\/wp\/v2\/posts\/8999\/revisions"}],"predecessor-version":[{"id":12190,"href":"https:\/\/redesow.faccat.br\/wordpress\/ceataquara\/wp-json\/wp\/v2\/posts\/8999\/revisions\/12190"}],"wp:attachment":[{"href":"https:\/\/redesow.faccat.br\/wordpress\/ceataquara\/wp-json\/wp\/v2\/media?parent=8999"}],"wp:term":[{"taxonomy":"category","embeddable":true,"href":"https:\/\/redesow.faccat.br\/wordpress\/ceataquara\/wp-json\/wp\/v2\/categories?post=8999"},{"taxonomy":"post_tag","embeddable":true,"href":"https:\/\/redesow.faccat.br\/wordpress\/ceataquara\/wp-json\/wp\/v2\/tags?post=8999"}],"curies":[{"name":"wp","href":"https:\/\/api.w.org\/{rel}","templated":true}]}}