{"id":9165,"date":"2018-06-09T01:15:44","date_gmt":"2018-06-08T22:15:44","guid":{"rendered":"http:\/\/redesow.faccat.br\/wordpress\/ceataquara\/?p=9165"},"modified":"2019-06-18T16:49:34","modified_gmt":"2019-06-18T13:49:34","slug":"semana-do-meio-ambiente-emef-calisto","status":"publish","type":"post","link":"https:\/\/redesow.faccat.br\/wordpress\/ceataquara\/arquivos\/9165","title":{"rendered":"Semana do Meio Ambiente &#8211; EMEF CALISTO &#8211; (ODS 12)"},"content":{"rendered":"<p>A semana do Meio Ambiente da EMEF CALISTO EOL\u00c1LIO LETTI ocorrer\u00e1 de 11 a 15 de Junho, com o Tema:<br \/>\n&#8220;Consumo e Meio Ambiente em Tempos de Youtubers&#8221;.<br \/>\nTodas as atividades ser\u00e3o realizadas pelos alunos, ficando com a organiza\u00e7\u00e3o do evento, a nossa Comiss\u00e3o de Meio Ambiente e Qualidade de Vida &#8211; COM-VIDA.<br \/>\nSegue em anexo a programa\u00e7\u00e3o.<br \/>\nObs: Nossa programa\u00e7\u00e3o pode sofrer altera\u00e7\u00f5es em datas, mas todas as atividades est\u00e3o confirmadas!<\/p>\n","protected":false},"excerpt":{"rendered":"<p>A semana do Meio Ambiente da EMEF CALISTO EOL\u00c1LIO LETTI ocorrer\u00e1 de 11 a 15 de Junho, com o Tema: &#8220;Consumo e Meio Ambiente em Tempos de Youtubers&#8221;. Todas as atividades ser\u00e3o realizadas pelos alunos, ficando com a organiza\u00e7\u00e3o do evento, a nossa Comiss\u00e3o de Meio Ambiente e Qualidade de Vida &#8211; COM-VIDA. Segue em anexo a programa\u00e7\u00e3o. Obs: Nossa programa\u00e7\u00e3o pode sofrer altera\u00e7\u00f5es em datas, mas todas as atividades est\u00e3o confirmadas!<\/p>\n","protected":false},"author":213,"featured_media":0,"comment_status":"open","ping_status":"open","sticky":false,"template":"","format":"standard","meta":{"footnotes":""},"categories":[4,1],"tags":[],"class_list":["post-9165","post","type-post","status-publish","format-standard","hentry","category-calisto","category-geral"],"_links":{"self":[{"href":"https:\/\/redesow.faccat.br\/wordpress\/ceataquara\/wp-json\/wp\/v2\/posts\/9165","targetHints":{"allow":["GET"]}}],"collection":[{"href":"https:\/\/redesow.faccat.br\/wordpress\/ceataquara\/wp-json\/wp\/v2\/posts"}],"about":[{"href":"https:\/\/redesow.faccat.br\/wordpress\/ceataquara\/wp-json\/wp\/v2\/types\/post"}],"author":[{"embeddable":true,"href":"https:\/\/redesow.faccat.br\/wordpress\/ceataquara\/wp-json\/wp\/v2\/users\/213"}],"replies":[{"embeddable":true,"href":"https:\/\/redesow.faccat.br\/wordpress\/ceataquara\/wp-json\/wp\/v2\/comments?post=9165"}],"version-history":[{"count":3,"href":"https:\/\/redesow.faccat.br\/wordpress\/ceataquara\/wp-json\/wp\/v2\/posts\/9165\/revisions"}],"predecessor-version":[{"id":12218,"href":"https:\/\/redesow.faccat.br\/wordpress\/ceataquara\/wp-json\/wp\/v2\/posts\/9165\/revisions\/12218"}],"wp:attachment":[{"href":"https:\/\/redesow.faccat.br\/wordpress\/ceataquara\/wp-json\/wp\/v2\/media?parent=9165"}],"wp:term":[{"taxonomy":"category","embeddable":true,"href":"https:\/\/redesow.faccat.br\/wordpress\/ceataquara\/wp-json\/wp\/v2\/categories?post=9165"},{"taxonomy":"post_tag","embeddable":true,"href":"https:\/\/redesow.faccat.br\/wordpress\/ceataquara\/wp-json\/wp\/v2\/tags?post=9165"}],"curies":[{"name":"wp","href":"https:\/\/api.w.org\/{rel}","templated":true}]}}