{"id":9239,"date":"2018-06-14T21:12:49","date_gmt":"2018-06-14T18:12:49","guid":{"rendered":"http:\/\/redesow.faccat.br\/wordpress\/ceataquara\/?p=9239"},"modified":"2019-06-18T16:43:33","modified_gmt":"2019-06-18T13:43:33","slug":"mes-do-meio-ambiente-arlindo-martini","status":"publish","type":"post","link":"https:\/\/redesow.faccat.br\/wordpress\/ceataquara\/arquivos\/9239","title":{"rendered":"M\u00eas do Meio Ambiente EMEF ARLINDO MARTINI &#8211; (ODS 4 e 11)"},"content":{"rendered":"<p>Seguindo nossa agenda proposta.<\/p>\n<p>Neste dia 14\/06 &#8211; Os alunos do COM-VIDA apresentaram para os demais alunos do col\u00e9gio Arlindo Martini nos hor\u00e1rios das 9:00 horas e as 14:00 horas, o tema da apresenta\u00e7\u00e3o tratava de a\u00e7\u00f5es para preservar do nosso Meio Ambiente, querendo desta maneira transpassar a concep\u00e7\u00e3o da consci\u00eancia de respeito e cuidado, sabendo a \u00a0nossa necessidade de conservar o Meio Ambiente.<\/p>\n<p>As propostas realizadas contribu\u00edram para que as crian\u00e7as compreendessem a necessidade de preserva\u00e7\u00e3o e proporcionou informa\u00e7\u00f5es importantes para todos no \u00e2mbito escolar.<\/p>\n<p>Ap\u00f3s a as apresenta\u00e7\u00f5es foi entregue \u00e1 todos marcadores de p\u00e1gina<\/p>\n<figure id=\"attachment_9268\" class=\"thumbnail wp-caption alignright\" style=\"width: 150px\"><img loading=\"lazy\" decoding=\"async\" class=\"wp-image-9268 size-thumbnail\" src=\"http:\/\/redesow.faccat.br\/wordpress\/ceataquara\/wp-content\/uploads\/sites\/15\/20180623_174340_0001-1-150x150.png\" alt=\"\" width=\"150\" height=\"150\" srcset=\"https:\/\/redesow.faccat.br\/wordpress\/ceataquara\/wp-content\/uploads\/sites\/15\/20180623_174340_0001-1-150x150.png 150w, https:\/\/redesow.faccat.br\/wordpress\/ceataquara\/wp-content\/uploads\/sites\/15\/20180623_174340_0001-1-300x300.png 300w, https:\/\/redesow.faccat.br\/wordpress\/ceataquara\/wp-content\/uploads\/sites\/15\/20180623_174340_0001-1-768x768.png 768w, https:\/\/redesow.faccat.br\/wordpress\/ceataquara\/wp-content\/uploads\/sites\/15\/20180623_174340_0001-1-600x600.png 600w, https:\/\/redesow.faccat.br\/wordpress\/ceataquara\/wp-content\/uploads\/sites\/15\/20180623_174340_0001-1.png 1080w\" sizes=\"auto, (max-width: 150px) 100vw, 150px\" \/><figcaption class=\"caption wp-caption-text\">Grupo COM-VIDA em sua apresenta\u00e7\u00e3o.<\/figcaption><\/figure>\n<p>, que foram pensados e elaborados por os alunos do COM-VIDA.<\/p>\n","protected":false},"excerpt":{"rendered":"<p>Seguindo nossa agenda proposta. Neste dia 14\/06 &#8211; Os alunos do COM-VIDA apresentaram para os demais alunos do col\u00e9gio Arlindo Martini nos hor\u00e1rios das 9:00 horas e as 14:00 horas, o tema da apresenta\u00e7\u00e3o tratava de a\u00e7\u00f5es para preservar do nosso Meio Ambiente, querendo desta maneira transpassar a concep\u00e7\u00e3o da consci\u00eancia de respeito e cuidado, sabendo a \u00a0nossa necessidade de conservar o Meio Ambiente. As propostas realizadas contribu\u00edram para que as crian\u00e7as compreendessem a necessidade de preserva\u00e7\u00e3o e proporcionou informa\u00e7\u00f5es importantes para todos no \u00e2mbito escolar. Ap\u00f3s a as apresenta\u00e7\u00f5es foi entregue \u00e1 todos marcadores de p\u00e1gina , que foram pensados e elaborados por os alunos do COM-VIDA.<\/p>\n","protected":false},"author":225,"featured_media":0,"comment_status":"open","ping_status":"open","sticky":false,"template":"","format":"standard","meta":{"footnotes":""},"categories":[14,1],"tags":[],"class_list":["post-9239","post","type-post","status-publish","format-standard","hentry","category-arlindo","category-geral"],"_links":{"self":[{"href":"https:\/\/redesow.faccat.br\/wordpress\/ceataquara\/wp-json\/wp\/v2\/posts\/9239","targetHints":{"allow":["GET"]}}],"collection":[{"href":"https:\/\/redesow.faccat.br\/wordpress\/ceataquara\/wp-json\/wp\/v2\/posts"}],"about":[{"href":"https:\/\/redesow.faccat.br\/wordpress\/ceataquara\/wp-json\/wp\/v2\/types\/post"}],"author":[{"embeddable":true,"href":"https:\/\/redesow.faccat.br\/wordpress\/ceataquara\/wp-json\/wp\/v2\/users\/225"}],"replies":[{"embeddable":true,"href":"https:\/\/redesow.faccat.br\/wordpress\/ceataquara\/wp-json\/wp\/v2\/comments?post=9239"}],"version-history":[{"count":5,"href":"https:\/\/redesow.faccat.br\/wordpress\/ceataquara\/wp-json\/wp\/v2\/posts\/9239\/revisions"}],"predecessor-version":[{"id":12213,"href":"https:\/\/redesow.faccat.br\/wordpress\/ceataquara\/wp-json\/wp\/v2\/posts\/9239\/revisions\/12213"}],"wp:attachment":[{"href":"https:\/\/redesow.faccat.br\/wordpress\/ceataquara\/wp-json\/wp\/v2\/media?parent=9239"}],"wp:term":[{"taxonomy":"category","embeddable":true,"href":"https:\/\/redesow.faccat.br\/wordpress\/ceataquara\/wp-json\/wp\/v2\/categories?post=9239"},{"taxonomy":"post_tag","embeddable":true,"href":"https:\/\/redesow.faccat.br\/wordpress\/ceataquara\/wp-json\/wp\/v2\/tags?post=9239"}],"curies":[{"name":"wp","href":"https:\/\/api.w.org\/{rel}","templated":true}]}}