{"id":9275,"date":"2018-06-21T19:47:48","date_gmt":"2018-06-21T16:47:48","guid":{"rendered":"http:\/\/redesow.faccat.br\/wordpress\/ceataquara\/?p=9275"},"modified":"2018-06-24T08:26:21","modified_gmt":"2018-06-24T05:26:21","slug":"mes-do-meio-ambiente-emef-arlindo-martini-2","status":"publish","type":"post","link":"https:\/\/redesow.faccat.br\/wordpress\/ceataquara\/arquivos\/9275","title":{"rendered":"M\u00eas do Meio Ambiente EMEF ARLINDO MARTINI"},"content":{"rendered":"<p>Neste dia 21\/06- Os alunos elaboraram um teatro sobre o lixo, para que pudesse ser de certa forma mais n\u00edtido o que devemos fazer e como descartar corretamente o nosso lixo, hor\u00e1rios das apresenta\u00e7\u00f5es as 9:00 horas e as 14:00 horas.<\/p>\n<p>Sabemos que o lixo faz parte de nossa sociedade e portanto devemos produzi-los com muita cautela pois natureza precisa ser preservada e para isso precisamos nos conscientizar de que os bens retirados dela precisam ser melhor aproveitado e reaproveitado para assim consequentemente reduzir a produ\u00e7\u00e3o de lixo em nossa sociedade.<\/p>\n<figure id=\"attachment_9277\" class=\"thumbnail wp-caption alignright\" style=\"width: 150px\"><img loading=\"lazy\" decoding=\"async\" class=\"wp-image-9277 size-thumbnail\" src=\"http:\/\/redesow.faccat.br\/wordpress\/ceataquara\/wp-content\/uploads\/sites\/15\/prontinhp-150x73.jpg\" alt=\"\" width=\"150\" height=\"73\" srcset=\"https:\/\/redesow.faccat.br\/wordpress\/ceataquara\/wp-content\/uploads\/sites\/15\/prontinhp-150x73.jpg 150w, https:\/\/redesow.faccat.br\/wordpress\/ceataquara\/wp-content\/uploads\/sites\/15\/prontinhp-300x146.jpg 300w, https:\/\/redesow.faccat.br\/wordpress\/ceataquara\/wp-content\/uploads\/sites\/15\/prontinhp-600x291.jpg 600w, https:\/\/redesow.faccat.br\/wordpress\/ceataquara\/wp-content\/uploads\/sites\/15\/prontinhp.jpg 608w\" sizes=\"auto, (max-width: 150px) 100vw, 150px\" \/><figcaption class=\"caption wp-caption-text\">Alunos: Gabriel, Raiane, Isadora, Franciele, Deison e Lucas.<\/figcaption><\/figure>\n<p>E nossa turminha do COM-VIDA apoia essa causa.\u00a0<img loading=\"lazy\" decoding=\"async\" class=\"alignright wp-image-9276 size-thumbnail\" src=\"http:\/\/redesow.faccat.br\/wordpress\/ceataquara\/wp-content\/uploads\/sites\/15\/painel-menor-147x150.jpg\" alt=\"\" width=\"147\" height=\"150\" srcset=\"https:\/\/redesow.faccat.br\/wordpress\/ceataquara\/wp-content\/uploads\/sites\/15\/painel-menor-147x150.jpg 147w, https:\/\/redesow.faccat.br\/wordpress\/ceataquara\/wp-content\/uploads\/sites\/15\/painel-menor-294x300.jpg 294w, https:\/\/redesow.faccat.br\/wordpress\/ceataquara\/wp-content\/uploads\/sites\/15\/painel-menor.jpg 436w\" sizes=\"auto, (max-width: 147px) 100vw, 147px\" \/><\/p>\n","protected":false},"excerpt":{"rendered":"<p>Neste dia 21\/06- Os alunos elaboraram um teatro sobre o lixo, para que pudesse ser de certa forma mais n\u00edtido o que devemos fazer e como descartar corretamente o nosso lixo, hor\u00e1rios das apresenta\u00e7\u00f5es as 9:00 horas e as 14:00 horas. Sabemos que o lixo faz parte de nossa sociedade e portanto devemos produzi-los com muita cautela pois natureza precisa ser preservada e para isso precisamos nos conscientizar de que os bens retirados dela precisam ser melhor aproveitado e reaproveitado para assim consequentemente reduzir a produ\u00e7\u00e3o de lixo em nossa sociedade. E nossa turminha do COM-VIDA apoia essa causa.\u00a0<\/p>\n","protected":false},"author":225,"featured_media":0,"comment_status":"open","ping_status":"open","sticky":false,"template":"","format":"standard","meta":{"footnotes":""},"categories":[14,1],"tags":[],"class_list":["post-9275","post","type-post","status-publish","format-standard","hentry","category-arlindo","category-geral"],"_links":{"self":[{"href":"https:\/\/redesow.faccat.br\/wordpress\/ceataquara\/wp-json\/wp\/v2\/posts\/9275","targetHints":{"allow":["GET"]}}],"collection":[{"href":"https:\/\/redesow.faccat.br\/wordpress\/ceataquara\/wp-json\/wp\/v2\/posts"}],"about":[{"href":"https:\/\/redesow.faccat.br\/wordpress\/ceataquara\/wp-json\/wp\/v2\/types\/post"}],"author":[{"embeddable":true,"href":"https:\/\/redesow.faccat.br\/wordpress\/ceataquara\/wp-json\/wp\/v2\/users\/225"}],"replies":[{"embeddable":true,"href":"https:\/\/redesow.faccat.br\/wordpress\/ceataquara\/wp-json\/wp\/v2\/comments?post=9275"}],"version-history":[{"count":3,"href":"https:\/\/redesow.faccat.br\/wordpress\/ceataquara\/wp-json\/wp\/v2\/posts\/9275\/revisions"}],"predecessor-version":[{"id":9282,"href":"https:\/\/redesow.faccat.br\/wordpress\/ceataquara\/wp-json\/wp\/v2\/posts\/9275\/revisions\/9282"}],"wp:attachment":[{"href":"https:\/\/redesow.faccat.br\/wordpress\/ceataquara\/wp-json\/wp\/v2\/media?parent=9275"}],"wp:term":[{"taxonomy":"category","embeddable":true,"href":"https:\/\/redesow.faccat.br\/wordpress\/ceataquara\/wp-json\/wp\/v2\/categories?post=9275"},{"taxonomy":"post_tag","embeddable":true,"href":"https:\/\/redesow.faccat.br\/wordpress\/ceataquara\/wp-json\/wp\/v2\/tags?post=9275"}],"curies":[{"name":"wp","href":"https:\/\/api.w.org\/{rel}","templated":true}]}}