{"id":975,"date":"2015-06-11T06:35:55","date_gmt":"2015-06-11T03:35:55","guid":{"rendered":"http:\/\/redesow.faccat.br\/wordpress\/ceataquara\/?p=975"},"modified":"2015-06-11T06:38:38","modified_gmt":"2015-06-11T03:38:38","slug":"socializando-o-programa-municipal-de-ea-na-camara-municipal-de-educacao","status":"publish","type":"post","link":"https:\/\/redesow.faccat.br\/wordpress\/ceataquara\/arquivos\/975","title":{"rendered":"Socializando o Programa Municipal de EA na C\u00e2mara Municipal de Vereadores"},"content":{"rendered":"<figure id=\"attachment_977\" class=\"thumbnail wp-caption aligncenter\" style=\"width: 300px\"><a href=\"http:\/\/redesow.faccat.br\/wordpress\/ceataquara\/wp-content\/uploads\/sites\/15\/3075.jpg\"><img loading=\"lazy\" decoding=\"async\" class=\"size-medium wp-image-977\" src=\"http:\/\/redesow.faccat.br\/wordpress\/ceataquara\/wp-content\/uploads\/sites\/15\/3075-300x169.jpg\" alt=\"CEATaquara se fez presente na sess\u00e3o da c\u00e2mara.\" width=\"300\" height=\"169\" srcset=\"https:\/\/redesow.faccat.br\/wordpress\/ceataquara\/wp-content\/uploads\/sites\/15\/3075-300x169.jpg 300w, https:\/\/redesow.faccat.br\/wordpress\/ceataquara\/wp-content\/uploads\/sites\/15\/3075-150x84.jpg 150w, https:\/\/redesow.faccat.br\/wordpress\/ceataquara\/wp-content\/uploads\/sites\/15\/3075-600x338.jpg 600w\" sizes=\"auto, (max-width: 300px) 100vw, 300px\" \/><\/a><figcaption class=\"caption wp-caption-text\">CEATaquara se fez presente na sess\u00e3o da c\u00e2mara.<\/figcaption><\/figure>\n<p style=\"text-align: left\">A convite do Vereador Guido M\u00e1rio, integrantes do Coletivo Educador Ambiental de Taquara se fizeram presentes na sess\u00e3o de Ter\u00e7a-feira dia 02 de junho.<\/p>\n<p>A coordenadora de Educa\u00e7\u00e3o Ambiental da SMECE apresentou como introdu\u00e7\u00e3o, o ProMEA &#8211; Programa Municipal de Educa\u00e7\u00e3o Ambiental, atrav\u00e9s da Mandala da EA, e detalhou as a\u00e7\u00f5es desenvolvidas pelo Coletivo desde sua retomada em 2013.<\/p>\n<p>Os vereadores presentes realizaram perguntas e demonstraram-se bastante satisfeitos com os processos desenvolvidos no munic\u00edpio. O presidente da c\u00e2mara, Sr. Eduardo Kolhausch afirmou que Taquara encontra-se no caminho certo para construir uma nova cultura, a cultura da sustentabilidade, atrav\u00e9s das a\u00e7\u00f5es desenvolvidas pelas escola.<\/p>\n<figure id=\"attachment_981\" class=\"thumbnail wp-caption alignnone\" style=\"width: 564px\"><a href=\"http:\/\/redesow.faccat.br\/wordpress\/ceataquara\/wp-content\/uploads\/sites\/15\/novp1.png\"><img loading=\"lazy\" decoding=\"async\" class=\"size-large wp-image-981\" src=\"http:\/\/redesow.faccat.br\/wordpress\/ceataquara\/wp-content\/uploads\/sites\/15\/novp1-564x600.png\" alt=\"Nossa Mandala de Saberes Socioambientais\" width=\"564\" height=\"600\" srcset=\"https:\/\/redesow.faccat.br\/wordpress\/ceataquara\/wp-content\/uploads\/sites\/15\/novp1-564x600.png 564w, https:\/\/redesow.faccat.br\/wordpress\/ceataquara\/wp-content\/uploads\/sites\/15\/novp1-141x150.png 141w, https:\/\/redesow.faccat.br\/wordpress\/ceataquara\/wp-content\/uploads\/sites\/15\/novp1-282x300.png 282w, https:\/\/redesow.faccat.br\/wordpress\/ceataquara\/wp-content\/uploads\/sites\/15\/novp1.png 1057w\" sizes=\"auto, (max-width: 564px) 100vw, 564px\" \/><\/a><figcaption class=\"caption wp-caption-text\">Nossa Mandala de Saberes Socioambientais<\/figcaption><\/figure>\n<p>&nbsp;<\/p>\n","protected":false},"excerpt":{"rendered":"<p>A convite do Vereador Guido M\u00e1rio, integrantes do Coletivo Educador Ambiental de Taquara se fizeram presentes na sess\u00e3o de Ter\u00e7a-feira dia 02 de junho. A coordenadora de Educa\u00e7\u00e3o Ambiental da SMECE apresentou como introdu\u00e7\u00e3o, o ProMEA &#8211; Programa Municipal de Educa\u00e7\u00e3o Ambiental, atrav\u00e9s da Mandala da EA, e detalhou as a\u00e7\u00f5es desenvolvidas pelo Coletivo desde sua retomada em 2013. Os vereadores presentes realizaram perguntas e demonstraram-se bastante satisfeitos com os processos desenvolvidos no munic\u00edpio. O presidente da c\u00e2mara, Sr. Eduardo Kolhausch afirmou que Taquara encontra-se no caminho certo para construir uma nova cultura, a cultura da sustentabilidade, atrav\u00e9s das a\u00e7\u00f5es desenvolvidas pelas escola. &nbsp;<\/p>\n","protected":false},"author":142,"featured_media":0,"comment_status":"open","ping_status":"open","sticky":false,"template":"","format":"standard","meta":{"footnotes":""},"categories":[1],"tags":[],"class_list":["post-975","post","type-post","status-publish","format-standard","hentry","category-geral"],"_links":{"self":[{"href":"https:\/\/redesow.faccat.br\/wordpress\/ceataquara\/wp-json\/wp\/v2\/posts\/975","targetHints":{"allow":["GET"]}}],"collection":[{"href":"https:\/\/redesow.faccat.br\/wordpress\/ceataquara\/wp-json\/wp\/v2\/posts"}],"about":[{"href":"https:\/\/redesow.faccat.br\/wordpress\/ceataquara\/wp-json\/wp\/v2\/types\/post"}],"author":[{"embeddable":true,"href":"https:\/\/redesow.faccat.br\/wordpress\/ceataquara\/wp-json\/wp\/v2\/users\/142"}],"replies":[{"embeddable":true,"href":"https:\/\/redesow.faccat.br\/wordpress\/ceataquara\/wp-json\/wp\/v2\/comments?post=975"}],"version-history":[{"count":3,"href":"https:\/\/redesow.faccat.br\/wordpress\/ceataquara\/wp-json\/wp\/v2\/posts\/975\/revisions"}],"predecessor-version":[{"id":984,"href":"https:\/\/redesow.faccat.br\/wordpress\/ceataquara\/wp-json\/wp\/v2\/posts\/975\/revisions\/984"}],"wp:attachment":[{"href":"https:\/\/redesow.faccat.br\/wordpress\/ceataquara\/wp-json\/wp\/v2\/media?parent=975"}],"wp:term":[{"taxonomy":"category","embeddable":true,"href":"https:\/\/redesow.faccat.br\/wordpress\/ceataquara\/wp-json\/wp\/v2\/categories?post=975"},{"taxonomy":"post_tag","embeddable":true,"href":"https:\/\/redesow.faccat.br\/wordpress\/ceataquara\/wp-json\/wp\/v2\/tags?post=975"}],"curies":[{"name":"wp","href":"https:\/\/api.w.org\/{rel}","templated":true}]}}