{"id":9845,"date":"2018-08-22T23:57:57","date_gmt":"2018-08-22T20:57:57","guid":{"rendered":"http:\/\/redesow.faccat.br\/wordpress\/ceataquara\/?p=9845"},"modified":"2019-06-18T17:40:35","modified_gmt":"2019-06-18T14:40:35","slug":"pedras-no-caminho-arvore-dos-sonhos-e-com-vida-para-acao","status":"publish","type":"post","link":"https:\/\/redesow.faccat.br\/wordpress\/ceataquara\/arquivos\/9845","title":{"rendered":"Pedras no Caminho,  \u00c1rvore dos Sonhos e COM-VIDA para A\u00e7\u00e3o &#8211; (ODS 4, 11 e 12)"},"content":{"rendered":"<p class=\"western\" align=\"JUSTIFY\"><span style=\"font-family: Arial, sans-serif\">Escola Municipal Em\u00edlio Leichtveis \u2013 EMEL<\/span><\/p>\n<p class=\"western\" align=\"JUSTIFY\"><span style=\"font-family: Arial, sans-serif\">Nesse encontro, os alunos que fazem parte da COM-VIDA fizeram a retomada do que foi pontuado por conta do Diagn\u00f3stico dos Indicadores e montaram as Pedras no Caminho e a \u00c1rvore dos Sonhos.<\/span><\/p>\n<p class=\"western\" align=\"JUSTIFY\"><span style=\"font-family: Arial, sans-serif\">Para tanto usaram restos de E V A e fizeram o reaproveitamento de um banner que, em outra situa\u00e7\u00e3o seria descartado na lixeira.<\/span><\/p>\n<p class=\"western\" align=\"JUSTIFY\"><span style=\"font-family: Arial, sans-serif\">Na sequ\u00eancia os alunos fizeram a verifica\u00e7\u00e3o dos espa\u00e7os da escola, quanto aos cuidados, ou descuidos e decidiram fazer novos cartazes, os quais foram fixados em um mural do corredor de entrada. <\/span><\/p>\n<p class=\"western\" align=\"JUSTIFY\"><span style=\"font-family: Arial, sans-serif\">Tamb\u00e9m j\u00e1 haviam rascunhado o cronograma do COM-VIDA para A\u00e7\u00e3o onde, de in\u00edcio, apareceram quatro situa\u00e7\u00f5es (Pedras)<\/span><\/p>\n<figure id=\"attachment_9846\" class=\"thumbnail wp-caption aligncenter\" style=\"width: 150px\"><img loading=\"lazy\" decoding=\"async\" class=\"size-thumbnail wp-image-9846\" src=\"http:\/\/redesow.faccat.br\/wordpress\/ceataquara\/wp-content\/uploads\/sites\/15\/1-10-150x113.jpg\" alt=\"\" width=\"150\" height=\"113\" srcset=\"https:\/\/redesow.faccat.br\/wordpress\/ceataquara\/wp-content\/uploads\/sites\/15\/1-10-150x113.jpg 150w, https:\/\/redesow.faccat.br\/wordpress\/ceataquara\/wp-content\/uploads\/sites\/15\/1-10.jpg 300w\" sizes=\"auto, (max-width: 150px) 100vw, 150px\" \/><figcaption class=\"caption wp-caption-text\">Confec\u00e7\u00e3o das placas para o banner<\/figcaption><\/figure>\n<figure id=\"attachment_9847\" class=\"thumbnail wp-caption aligncenter\" style=\"width: 150px\"><img loading=\"lazy\" decoding=\"async\" class=\"size-thumbnail wp-image-9847\" src=\"http:\/\/redesow.faccat.br\/wordpress\/ceataquara\/wp-content\/uploads\/sites\/15\/2-12-150x113.jpg\" alt=\"\" width=\"150\" height=\"113\" srcset=\"https:\/\/redesow.faccat.br\/wordpress\/ceataquara\/wp-content\/uploads\/sites\/15\/2-12-150x113.jpg 150w, https:\/\/redesow.faccat.br\/wordpress\/ceataquara\/wp-content\/uploads\/sites\/15\/2-12.jpg 300w\" sizes=\"auto, (max-width: 150px) 100vw, 150px\" \/><figcaption class=\"caption wp-caption-text\">Montando \u00c1rvore dos Sonhos e Pedras np Caminho<\/figcaption><\/figure>\n<figure id=\"attachment_9848\" class=\"thumbnail wp-caption aligncenter\" style=\"width: 113px\"><img loading=\"lazy\" decoding=\"async\" class=\"size-thumbnail wp-image-9848\" src=\"http:\/\/redesow.faccat.br\/wordpress\/ceataquara\/wp-content\/uploads\/sites\/15\/3-11-113x150.jpg\" alt=\"\" width=\"113\" height=\"150\" srcset=\"https:\/\/redesow.faccat.br\/wordpress\/ceataquara\/wp-content\/uploads\/sites\/15\/3-11-113x150.jpg 113w, https:\/\/redesow.faccat.br\/wordpress\/ceataquara\/wp-content\/uploads\/sites\/15\/3-11.jpg 225w\" sizes=\"auto, (max-width: 113px) 100vw, 113px\" \/><figcaption class=\"caption wp-caption-text\">Banner pronto<\/figcaption><\/figure>\n<figure id=\"attachment_9849\" class=\"thumbnail wp-caption aligncenter\" style=\"width: 150px\"><img loading=\"lazy\" decoding=\"async\" class=\"size-thumbnail wp-image-9849\" src=\"http:\/\/redesow.faccat.br\/wordpress\/ceataquara\/wp-content\/uploads\/sites\/15\/4-13-150x113.jpg\" alt=\"\" width=\"150\" height=\"113\" srcset=\"https:\/\/redesow.faccat.br\/wordpress\/ceataquara\/wp-content\/uploads\/sites\/15\/4-13-150x113.jpg 150w, https:\/\/redesow.faccat.br\/wordpress\/ceataquara\/wp-content\/uploads\/sites\/15\/4-13.jpg 300w\" sizes=\"auto, (max-width: 150px) 100vw, 150px\" \/><figcaption class=\"caption wp-caption-text\">Reorganizando Com-Vida para A\u00e7\u00e3o e cartazes do mural<\/figcaption><\/figure>\n<figure id=\"attachment_9850\" class=\"thumbnail wp-caption aligncenter\" style=\"width: 150px\"><img loading=\"lazy\" decoding=\"async\" class=\"size-thumbnail wp-image-9850\" src=\"http:\/\/redesow.faccat.br\/wordpress\/ceataquara\/wp-content\/uploads\/sites\/15\/5-9-150x113.jpg\" alt=\"\" width=\"150\" height=\"113\" srcset=\"https:\/\/redesow.faccat.br\/wordpress\/ceataquara\/wp-content\/uploads\/sites\/15\/5-9-150x113.jpg 150w, https:\/\/redesow.faccat.br\/wordpress\/ceataquara\/wp-content\/uploads\/sites\/15\/5-9.jpg 300w\" sizes=\"auto, (max-width: 150px) 100vw, 150px\" \/><figcaption class=\"caption wp-caption-text\">Fixando os cartazes<\/figcaption><\/figure>\n<figure id=\"attachment_9851\" class=\"thumbnail wp-caption aligncenter\" style=\"width: 150px\"><img loading=\"lazy\" decoding=\"async\" class=\"size-thumbnail wp-image-9851\" src=\"http:\/\/redesow.faccat.br\/wordpress\/ceataquara\/wp-content\/uploads\/sites\/15\/6-8-150x113.jpg\" alt=\"\" width=\"150\" height=\"113\" srcset=\"https:\/\/redesow.faccat.br\/wordpress\/ceataquara\/wp-content\/uploads\/sites\/15\/6-8-150x113.jpg 150w, https:\/\/redesow.faccat.br\/wordpress\/ceataquara\/wp-content\/uploads\/sites\/15\/6-8.jpg 300w\" sizes=\"auto, (max-width: 150px) 100vw, 150px\" \/><figcaption class=\"caption wp-caption-text\">Como cuidar do Ambiente Escolar<\/figcaption><\/figure>\n<figure id=\"attachment_9852\" class=\"thumbnail wp-caption aligncenter\" style=\"width: 150px\"><img loading=\"lazy\" decoding=\"async\" class=\"size-thumbnail wp-image-9852\" src=\"http:\/\/redesow.faccat.br\/wordpress\/ceataquara\/wp-content\/uploads\/sites\/15\/7-6-150x113.jpg\" alt=\"\" width=\"150\" height=\"113\" srcset=\"https:\/\/redesow.faccat.br\/wordpress\/ceataquara\/wp-content\/uploads\/sites\/15\/7-6-150x113.jpg 150w, https:\/\/redesow.faccat.br\/wordpress\/ceataquara\/wp-content\/uploads\/sites\/15\/7-6.jpg 300w\" sizes=\"auto, (max-width: 150px) 100vw, 150px\" \/><figcaption class=\"caption wp-caption-text\">COM-VIDA para A\u00e7\u00e3o (em an\u00e1lise)<\/figcaption><\/figure>\n<p align=\"JUSTIFY\">\n","protected":false},"excerpt":{"rendered":"<p>Escola Municipal Em\u00edlio Leichtveis \u2013 EMEL Nesse encontro, os alunos que fazem parte da COM-VIDA fizeram a retomada do que foi pontuado por conta do Diagn\u00f3stico dos Indicadores e montaram as Pedras no Caminho e a \u00c1rvore dos Sonhos. Para tanto usaram restos de E V A e fizeram o reaproveitamento de um banner que, em outra situa\u00e7\u00e3o seria descartado na lixeira. Na sequ\u00eancia os alunos fizeram a verifica\u00e7\u00e3o dos espa\u00e7os da escola, quanto aos cuidados, ou descuidos e decidiram fazer novos cartazes, os quais foram fixados em um mural do corredor de entrada. Tamb\u00e9m j\u00e1 haviam rascunhado o cronograma do COM-VIDA para A\u00e7\u00e3o onde, de in\u00edcio, apareceram quatro situa\u00e7\u00f5es (Pedras)<\/p>\n","protected":false},"author":152,"featured_media":0,"comment_status":"open","ping_status":"open","sticky":false,"template":"","format":"standard","meta":{"footnotes":""},"categories":[19],"tags":[],"class_list":["post-9845","post","type-post","status-publish","format-standard","hentry","category-emilio"],"_links":{"self":[{"href":"https:\/\/redesow.faccat.br\/wordpress\/ceataquara\/wp-json\/wp\/v2\/posts\/9845","targetHints":{"allow":["GET"]}}],"collection":[{"href":"https:\/\/redesow.faccat.br\/wordpress\/ceataquara\/wp-json\/wp\/v2\/posts"}],"about":[{"href":"https:\/\/redesow.faccat.br\/wordpress\/ceataquara\/wp-json\/wp\/v2\/types\/post"}],"author":[{"embeddable":true,"href":"https:\/\/redesow.faccat.br\/wordpress\/ceataquara\/wp-json\/wp\/v2\/users\/152"}],"replies":[{"embeddable":true,"href":"https:\/\/redesow.faccat.br\/wordpress\/ceataquara\/wp-json\/wp\/v2\/comments?post=9845"}],"version-history":[{"count":3,"href":"https:\/\/redesow.faccat.br\/wordpress\/ceataquara\/wp-json\/wp\/v2\/posts\/9845\/revisions"}],"predecessor-version":[{"id":12268,"href":"https:\/\/redesow.faccat.br\/wordpress\/ceataquara\/wp-json\/wp\/v2\/posts\/9845\/revisions\/12268"}],"wp:attachment":[{"href":"https:\/\/redesow.faccat.br\/wordpress\/ceataquara\/wp-json\/wp\/v2\/media?parent=9845"}],"wp:term":[{"taxonomy":"category","embeddable":true,"href":"https:\/\/redesow.faccat.br\/wordpress\/ceataquara\/wp-json\/wp\/v2\/categories?post=9845"},{"taxonomy":"post_tag","embeddable":true,"href":"https:\/\/redesow.faccat.br\/wordpress\/ceataquara\/wp-json\/wp\/v2\/tags?post=9845"}],"curies":[{"name":"wp","href":"https:\/\/api.w.org\/{rel}","templated":true}]}}