{"id":15,"date":"2013-05-22T00:10:09","date_gmt":"2013-05-22T00:10:09","guid":{"rendered":"http:\/\/redesow.faccat.br\/wordpress\/horta\/?p=15"},"modified":"2013-05-22T00:35:22","modified_gmt":"2013-05-22T00:35:22","slug":"o-espaco-de-trabalho","status":"publish","type":"post","link":"https:\/\/redesow.faccat.br\/wordpress\/horta\/o-espaco-de-trabalho\/","title":{"rendered":"O espa\u00e7o de trabalho"},"content":{"rendered":"<figure id=\"attachment_14\" class=\"thumbnail wp-caption aligncenter\" style=\"width: 224px\"><a href=\"http:\/\/redesow.faccat.br\/wordpress\/horta\/wp-content\/uploads\/sites\/4\/2013\/05\/foto-e1369179857150.jpg\"><img loading=\"lazy\" decoding=\"async\" class=\"size-medium wp-image-14\" alt=\"O espa\u00e7o Horta no Col\u00e9gio The\u00f3philo Sauer\" src=\"http:\/\/redesow.faccat.br\/wordpress\/horta\/wp-content\/uploads\/sites\/4\/2013\/05\/foto-e1369179857150-224x300.jpg\" width=\"224\" height=\"300\" srcset=\"https:\/\/redesow.faccat.br\/wordpress\/horta\/wp-content\/uploads\/sites\/4\/2013\/05\/foto-e1369179857150-224x300.jpg 224w, https:\/\/redesow.faccat.br\/wordpress\/horta\/wp-content\/uploads\/sites\/4\/2013\/05\/foto-e1369179857150-764x1024.jpg 764w, https:\/\/redesow.faccat.br\/wordpress\/horta\/wp-content\/uploads\/sites\/4\/2013\/05\/foto-e1369179857150.jpg 968w\" sizes=\"auto, (max-width: 224px) 100vw, 224px\" \/><\/a><figcaption class=\"caption wp-caption-text\">O espa\u00e7o Horta no Col\u00e9gio The\u00f3philo Sauer<\/figcaption><\/figure>\n<p style=\"text-align: justify\">Este \u00e9 o nosso espa\u00e7o de trabalho, no primeiro plano p\u00e9s de <a href=\"http:\/\/pt.wikipedia.org\/wiki\/Funcho\">Funcho<\/a> (<em>Foeniculum vulgare<\/em>), uma hortali\u00e7a bastante usada para ch\u00e1s (digestivos) e no tempero de saladas verdes (confere um sabor levemente adocicado). Veja o endere\u00e7o na Wikipedia para saber mais sobre ele.<\/p>\n<p style=\"text-align: justify\">Existe espa\u00e7o suficiente para dois canteiros ao longo do muro e da parede da Col\u00e9gio, ao fundo \u00e0 direita uma caixa para coleta de \u00e1gua da chuva que pode ser usada para irriga\u00e7\u00e3o, pois tem 1.000 litros de \u00e1gua, uma boa quantidade. Ainda com rela\u00e7\u00e3o \u00e0 irriga\u00e7\u00e3o, existe uma torneira pr\u00f3ximo ao canto esquerdo de onde me posicionei para a foto.<\/p>\n<p style=\"text-align: justify\">Notei que o solo \u00e9 arenoso, como boa parte dos solos na regi\u00e3o, para trabalhar s\u00e3o os melhores, mas carecem de mat\u00e9ria org\u00e2nica, o que n\u00e3o \u00e9 nenhum problema uma vez que notei uma boa quantidade de folhas dispostas pelo ch\u00e3o e algumas sendo inclusive levadas para fora do Col\u00e9gio pelo trator da Prefeitura. Uma composteira pode ser colocada ao fundo da foto, e vai ser muito bem localizada e utilizada.<\/p>\n<p style=\"text-align: justify\">Muito trabalho, mas sem d\u00favida um bom local para uma horta experimental.<\/p>\n<p>&nbsp;<\/p>\n","protected":false},"excerpt":{"rendered":"<p>Este \u00e9 o nosso espa\u00e7o de trabalho, no primeiro plano p\u00e9s de Funcho (Foeniculum vulgare), uma hortali\u00e7a bastante usada para ch\u00e1s (digestivos) e no tempero de saladas verdes (confere um sabor levemente adocicado). Veja o endere\u00e7o na Wikipedia para saber mais sobre ele. Existe espa\u00e7o suficiente para dois canteiros ao longo do muro e da parede da Col\u00e9gio, ao fundo \u00e0 direita uma caixa para coleta de \u00e1gua da chuva que pode ser usada para irriga\u00e7\u00e3o, pois tem 1.000 litros de \u00e1gua, uma boa quantidade. Ainda com rela\u00e7\u00e3o \u00e0 irriga\u00e7\u00e3o, existe uma torneira pr\u00f3ximo ao canto esquerdo de onde me posicionei para a foto. Notei que o solo \u00e9 arenoso, como boa parte dos solos na regi\u00e3o, para trabalhar s\u00e3o os melhores, mas carecem de mat\u00e9ria org\u00e2nica, o que n\u00e3o \u00e9 nenhum problema uma vez que notei uma boa quantidade &hellip; <a href=\"https:\/\/redesow.faccat.br\/wordpress\/horta\/o-espaco-de-trabalho\/\">Continua<\/a><\/p>\n","protected":false},"author":9,"featured_media":0,"comment_status":"open","ping_status":"open","sticky":false,"template":"","format":"standard","meta":{"footnotes":""},"categories":[2],"tags":[3,4],"class_list":["post-15","post","type-post","status-publish","format-standard","hentry","category-novidades","tag-horta","tag-trabalho"],"_links":{"self":[{"href":"https:\/\/redesow.faccat.br\/wordpress\/horta\/wp-json\/wp\/v2\/posts\/15","targetHints":{"allow":["GET"]}}],"collection":[{"href":"https:\/\/redesow.faccat.br\/wordpress\/horta\/wp-json\/wp\/v2\/posts"}],"about":[{"href":"https:\/\/redesow.faccat.br\/wordpress\/horta\/wp-json\/wp\/v2\/types\/post"}],"author":[{"embeddable":true,"href":"https:\/\/redesow.faccat.br\/wordpress\/horta\/wp-json\/wp\/v2\/users\/9"}],"replies":[{"embeddable":true,"href":"https:\/\/redesow.faccat.br\/wordpress\/horta\/wp-json\/wp\/v2\/comments?post=15"}],"version-history":[{"count":4,"href":"https:\/\/redesow.faccat.br\/wordpress\/horta\/wp-json\/wp\/v2\/posts\/15\/revisions"}],"predecessor-version":[{"id":18,"href":"https:\/\/redesow.faccat.br\/wordpress\/horta\/wp-json\/wp\/v2\/posts\/15\/revisions\/18"}],"wp:attachment":[{"href":"https:\/\/redesow.faccat.br\/wordpress\/horta\/wp-json\/wp\/v2\/media?parent=15"}],"wp:term":[{"taxonomy":"category","embeddable":true,"href":"https:\/\/redesow.faccat.br\/wordpress\/horta\/wp-json\/wp\/v2\/categories?post=15"},{"taxonomy":"post_tag","embeddable":true,"href":"https:\/\/redesow.faccat.br\/wordpress\/horta\/wp-json\/wp\/v2\/tags?post=15"}],"curies":[{"name":"wp","href":"https:\/\/api.w.org\/{rel}","templated":true}]}}