{"id":94,"date":"2017-06-13T00:49:49","date_gmt":"2017-06-13T00:49:49","guid":{"rendered":"http:\/\/redesow.faccat.br\/wordpress\/horta\/?p=94"},"modified":"2017-06-13T00:49:49","modified_gmt":"2017-06-13T00:49:49","slug":"94-2","status":"publish","type":"post","link":"https:\/\/redesow.faccat.br\/wordpress\/horta\/94-2\/","title":{"rendered":""},"content":{"rendered":"<p class=\"western\"><span style=\"color: #ff0000\"> <span style=\"font-family: Arial,sans-serif\"><b>HORA C\u00cdVICA DIA 05.06.2017<\/b><\/span><\/span><\/p>\n<p class=\"western\"><span style=\"color: #008000\"><span style=\"font-family: Arial,sans-serif\"><u><b>ABERTURA DA SEMANA DO MEIO AMBIENTE <\/b><\/u><\/span><\/span><\/p>\n<p class=\"western\"><span style=\"color: #0000ff\"><span style=\"font-family: Arial,sans-serif\"><u><b>COL\u00c9GIO MUNICIPAL THE\u00d3PHILO SAUER \u2013 DOIS TURNOS<\/b><\/u><\/span><\/span><\/p>\n<p class=\"western\"><span style=\"color: #008000\"><span style=\"font-family: Arial,sans-serif\"><u><b>1- HINO NACIONAL BRASILEIRO<\/b><\/u><\/span><\/span><\/p>\n<p class=\"western\"><span style=\"color: #008000\"><span style=\"font-family: Arial,sans-serif\"><u><b>2- MUSICA \u201cPLANETA \u00c1GUA\u201d INTERPRETADO PELA ALUNA TAMIRES WINCKLER E JULIA RAMOS.<\/b><\/u><\/span><\/span><\/p>\n<p class=\"western\"><span style=\"color: #008000\"><span style=\"font-family: Arial,sans-serif\"><u><b>APRESENTA\u00c7\u00c3O DO GRUPO DO COM VIDA E OS ALUNOS PARTICIPANTES DE 2017 \u2013 exposi\u00e7\u00e3o verbal dos trabalhos realizados e a\u00e7\u00f5es que teremops na Semana do Meio Ambiente na escola.<\/b><\/u><\/span><\/span><\/p>\n<p class=\"western\"><span style=\"color: #008000\"><span style=\"font-family: Arial,sans-serif\"><u><b>3- APRESENTA\u00c7\u00c3O DAS TURMAS- ALUNO DANIEL<\/b><\/u><\/span><\/span><\/p>\n<p class=\"western\"><span style=\"color: #008000\"><span style=\"font-family: Arial,sans-serif\"><u><b>4 \u2013 M\u00daSICA ALUNA ALESSANDRA E VINICIUS ANDRADE<\/b><\/u><\/span><\/span><\/p>\n<p class=\"western\">\n<p class=\"western\">\n<p class=\"western\"><span style=\"color: #008000\"><span style=\"font-family: Arial,sans-serif\"><u><b>5- ENCERRAMENTO<\/b><\/u><\/span><\/span><\/p>\n","protected":false},"excerpt":{"rendered":"<p>HORA C\u00cdVICA DIA 05.06.2017 ABERTURA DA SEMANA DO MEIO AMBIENTE COL\u00c9GIO MUNICIPAL THE\u00d3PHILO SAUER \u2013 DOIS TURNOS 1- HINO NACIONAL BRASILEIRO 2- MUSICA \u201cPLANETA \u00c1GUA\u201d INTERPRETADO PELA ALUNA TAMIRES WINCKLER E JULIA RAMOS. APRESENTA\u00c7\u00c3O DO GRUPO DO COM VIDA E OS ALUNOS PARTICIPANTES DE 2017 \u2013 exposi\u00e7\u00e3o verbal dos trabalhos realizados e a\u00e7\u00f5es que teremops na Semana do Meio Ambiente na escola. 3- APRESENTA\u00c7\u00c3O DAS TURMAS- ALUNO DANIEL 4 \u2013 M\u00daSICA ALUNA ALESSANDRA E VINICIUS ANDRADE 5- ENCERRAMENTO<\/p>\n","protected":false},"author":11,"featured_media":0,"comment_status":"open","ping_status":"open","sticky":false,"template":"","format":"standard","meta":{"footnotes":""},"categories":[1],"tags":[],"class_list":["post-94","post","type-post","status-publish","format-standard","hentry","category-sem-categoria"],"_links":{"self":[{"href":"https:\/\/redesow.faccat.br\/wordpress\/horta\/wp-json\/wp\/v2\/posts\/94","targetHints":{"allow":["GET"]}}],"collection":[{"href":"https:\/\/redesow.faccat.br\/wordpress\/horta\/wp-json\/wp\/v2\/posts"}],"about":[{"href":"https:\/\/redesow.faccat.br\/wordpress\/horta\/wp-json\/wp\/v2\/types\/post"}],"author":[{"embeddable":true,"href":"https:\/\/redesow.faccat.br\/wordpress\/horta\/wp-json\/wp\/v2\/users\/11"}],"replies":[{"embeddable":true,"href":"https:\/\/redesow.faccat.br\/wordpress\/horta\/wp-json\/wp\/v2\/comments?post=94"}],"version-history":[{"count":1,"href":"https:\/\/redesow.faccat.br\/wordpress\/horta\/wp-json\/wp\/v2\/posts\/94\/revisions"}],"predecessor-version":[{"id":95,"href":"https:\/\/redesow.faccat.br\/wordpress\/horta\/wp-json\/wp\/v2\/posts\/94\/revisions\/95"}],"wp:attachment":[{"href":"https:\/\/redesow.faccat.br\/wordpress\/horta\/wp-json\/wp\/v2\/media?parent=94"}],"wp:term":[{"taxonomy":"category","embeddable":true,"href":"https:\/\/redesow.faccat.br\/wordpress\/horta\/wp-json\/wp\/v2\/categories?post=94"},{"taxonomy":"post_tag","embeddable":true,"href":"https:\/\/redesow.faccat.br\/wordpress\/horta\/wp-json\/wp\/v2\/tags?post=94"}],"curies":[{"name":"wp","href":"https:\/\/api.w.org\/{rel}","templated":true}]}}