{"id":38,"date":"2013-08-23T00:49:34","date_gmt":"2013-08-23T00:49:34","guid":{"rendered":"http:\/\/redesow.faccat.br\/wordpress\/oqtaq\/?p=38"},"modified":"2013-08-23T00:54:15","modified_gmt":"2013-08-23T00:54:15","slug":"expocampo-2","status":"publish","type":"post","link":"https:\/\/redesow.faccat.br\/wordpress\/oqtaq\/expocampo-2\/","title":{"rendered":"EXPOCAMPO"},"content":{"rendered":"<p><strong>EXPOCAMPO \u2013 Exposi\u00e7\u00e3o Feira Agropecu\u00e1ria de Taquara<\/strong><\/p>\n<p align=\"justify\"><img loading=\"lazy\" decoding=\"async\" class=\"size-medium wp-image-36 alignright\" alt=\"SONY DSC\" src=\"http:\/\/redesow.faccat.br\/wordpress\/oqtaq\/wp-content\/uploads\/sites\/3\/2013\/08\/Magda-Festa-Campeira-2-s-1-300x197.jpg\" width=\"300\" height=\"197\" srcset=\"https:\/\/redesow.faccat.br\/wordpress\/oqtaq\/wp-content\/uploads\/sites\/3\/2013\/08\/Magda-Festa-Campeira-2-s-1-300x197.jpg 300w, https:\/\/redesow.faccat.br\/wordpress\/oqtaq\/wp-content\/uploads\/sites\/3\/2013\/08\/Magda-Festa-Campeira-2-s-1.jpg 650w\" sizes=\"auto, (max-width: 300px) 100vw, 300px\" \/>Uma feira agropecu\u00e1ria que conta com exposi\u00e7\u00e3o de animais de alto n\u00edvel, destacando a qualidade gen\u00e9tica dos animais. O evento consta no calend\u00e1rio nacional na categoria bovinos de leite (ra\u00e7as Holandesa e Jersey) e tamb\u00e9m pela exposi\u00e7\u00e3o de aves ex\u00f3ticas e ornamentais, gado de corte e misto (Charol\u00eas, Pardo Su\u00ed\u00e7o, Devon, B\u00fafalos entre outros), ovinos e caprinos, peixes diversos, al\u00e9m de p\u00f4neis, coelhos, pequenos roedores, entre outros.<\/p>\n<p>A EXPOCAMPO tamb\u00e9m conta com diversas atividades paralelas, como o Concurso Leiteiro, Desfile dos Grandes Campe\u00f5es, Concurso de Qualidade do Mel, palestras, shows, estandes com demonstra\u00e7\u00e3o de variados assuntos t\u00e9cnicos ligados ao campo.<br \/>\n<a href=\"http:\/\/redesow.faccat.br\/wordpress\/oqtaq\/wp-content\/uploads\/sites\/3\/2013\/08\/tur09120809.png\"><img loading=\"lazy\" decoding=\"async\" class=\"alignnone size-full wp-image-35\" alt=\"tur09120809\" src=\"http:\/\/redesow.faccat.br\/wordpress\/oqtaq\/wp-content\/uploads\/sites\/3\/2013\/08\/tur09120809.png\" width=\"225\" height=\"300\" \/><\/a><\/p>\n<p>Informa\u00e7\u00f5es: (51) 3541.9200 R.105- Prefeitura Municipal de Taquara\/Departamento de Agricultura.<\/p>\n","protected":false},"excerpt":{"rendered":"<p>EXPOCAMPO \u2013 Exposi\u00e7\u00e3o Feira Agropecu\u00e1ria de Taquara Uma feira agropecu\u00e1ria que conta com exposi\u00e7\u00e3o de animais de alto n\u00edvel, destacando a qualidade gen\u00e9tica dos animais. O evento consta no calend\u00e1rio nacional na categoria bovinos de leite (ra\u00e7as Holandesa e Jersey) e tamb\u00e9m pela exposi\u00e7\u00e3o de aves ex\u00f3ticas e ornamentais, gado de corte e misto (Charol\u00eas, Pardo Su\u00ed\u00e7o, Devon, B\u00fafalos entre outros), ovinos e caprinos, peixes diversos, al\u00e9m de p\u00f4neis, coelhos, pequenos roedores, entre outros. A EXPOCAMPO tamb\u00e9m conta com diversas atividades paralelas, como o Concurso Leiteiro, Desfile dos Grandes Campe\u00f5es, Concurso de Qualidade do Mel, palestras, shows, estandes com demonstra\u00e7\u00e3o de variados assuntos t\u00e9cnicos ligados ao campo. Informa\u00e7\u00f5es: (51) 3541.9200 R.105- Prefeitura Municipal de Taquara\/Departamento de Agricultura.<\/p>\n","protected":false},"author":16,"featured_media":0,"comment_status":"open","ping_status":"open","sticky":false,"template":"","format":"standard","meta":{"footnotes":""},"categories":[1],"tags":[],"class_list":["post-38","post","type-post","status-publish","format-standard","hentry","category-eventos"],"_links":{"self":[{"href":"https:\/\/redesow.faccat.br\/wordpress\/oqtaq\/wp-json\/wp\/v2\/posts\/38","targetHints":{"allow":["GET"]}}],"collection":[{"href":"https:\/\/redesow.faccat.br\/wordpress\/oqtaq\/wp-json\/wp\/v2\/posts"}],"about":[{"href":"https:\/\/redesow.faccat.br\/wordpress\/oqtaq\/wp-json\/wp\/v2\/types\/post"}],"author":[{"embeddable":true,"href":"https:\/\/redesow.faccat.br\/wordpress\/oqtaq\/wp-json\/wp\/v2\/users\/16"}],"replies":[{"embeddable":true,"href":"https:\/\/redesow.faccat.br\/wordpress\/oqtaq\/wp-json\/wp\/v2\/comments?post=38"}],"version-history":[{"count":3,"href":"https:\/\/redesow.faccat.br\/wordpress\/oqtaq\/wp-json\/wp\/v2\/posts\/38\/revisions"}],"predecessor-version":[{"id":41,"href":"https:\/\/redesow.faccat.br\/wordpress\/oqtaq\/wp-json\/wp\/v2\/posts\/38\/revisions\/41"}],"wp:attachment":[{"href":"https:\/\/redesow.faccat.br\/wordpress\/oqtaq\/wp-json\/wp\/v2\/media?parent=38"}],"wp:term":[{"taxonomy":"category","embeddable":true,"href":"https:\/\/redesow.faccat.br\/wordpress\/oqtaq\/wp-json\/wp\/v2\/categories?post=38"},{"taxonomy":"post_tag","embeddable":true,"href":"https:\/\/redesow.faccat.br\/wordpress\/oqtaq\/wp-json\/wp\/v2\/tags?post=38"}],"curies":[{"name":"wp","href":"https:\/\/api.w.org\/{rel}","templated":true}]}}