{"id":99,"date":"2013-12-15T16:25:50","date_gmt":"2013-12-15T16:25:50","guid":{"rendered":"http:\/\/redesow.faccat.br\/wordpress\/sarauonline\/?p=99"},"modified":"2013-12-15T16:31:23","modified_gmt":"2013-12-15T16:31:23","slug":"sucesso-nas-apresentacoes-do-nosso-sarau","status":"publish","type":"post","link":"https:\/\/redesow.faccat.br\/wordpress\/sarauonline\/sucesso-nas-apresentacoes-do-nosso-sarau\/","title":{"rendered":""},"content":{"rendered":"<figure id=\"attachment_102\" class=\"thumbnail wp-caption alignnone\" style=\"width: 300px\"><a href=\"http:\/\/redesow.faccat.br\/wordpress\/sarauonline\/wp-content\/uploads\/sites\/11\/1455980_248962141928682_2072685592_n.jpg\"><img loading=\"lazy\" decoding=\"async\" src=\"http:\/\/redesow.faccat.br\/wordpress\/sarauonline\/wp-content\/uploads\/sites\/11\/1455980_248962141928682_2072685592_n-300x161.jpg\" alt=\"Turma 213 Col\u00e9gio Municipal The\u00f3philo Sauer, todo no 2\u00ba ano do Ensino M\u00e9dio. Parab\u00e9ns! Nossa confraterniza\u00e7\u00e3o  final.\" width=\"300\" height=\"161\" class=\"size-medium wp-image-102\" srcset=\"https:\/\/redesow.faccat.br\/wordpress\/sarauonline\/wp-content\/uploads\/sites\/11\/1455980_248962141928682_2072685592_n-300x161.jpg 300w, https:\/\/redesow.faccat.br\/wordpress\/sarauonline\/wp-content\/uploads\/sites\/11\/1455980_248962141928682_2072685592_n.jpg 960w\" sizes=\"auto, (max-width: 300px) 100vw, 300px\" \/><\/a><figcaption class=\"caption wp-caption-text\">Turma 213 Col\u00e9gio Municipal The\u00f3philo Sauer, todo no 2\u00ba ano do Ensino M\u00e9dio. Parab\u00e9ns! Nossa confraterniza\u00e7\u00e3o  final.<\/figcaption><\/figure>\n","protected":false},"excerpt":{"rendered":"","protected":false},"author":11,"featured_media":0,"comment_status":"open","ping_status":"open","sticky":false,"template":"","format":"standard","meta":{"footnotes":""},"categories":[1],"tags":[],"class_list":["post-99","post","type-post","status-publish","format-standard","hentry","category-sem-categoria"],"_links":{"self":[{"href":"https:\/\/redesow.faccat.br\/wordpress\/sarauonline\/wp-json\/wp\/v2\/posts\/99","targetHints":{"allow":["GET"]}}],"collection":[{"href":"https:\/\/redesow.faccat.br\/wordpress\/sarauonline\/wp-json\/wp\/v2\/posts"}],"about":[{"href":"https:\/\/redesow.faccat.br\/wordpress\/sarauonline\/wp-json\/wp\/v2\/types\/post"}],"author":[{"embeddable":true,"href":"https:\/\/redesow.faccat.br\/wordpress\/sarauonline\/wp-json\/wp\/v2\/users\/11"}],"replies":[{"embeddable":true,"href":"https:\/\/redesow.faccat.br\/wordpress\/sarauonline\/wp-json\/wp\/v2\/comments?post=99"}],"version-history":[{"count":2,"href":"https:\/\/redesow.faccat.br\/wordpress\/sarauonline\/wp-json\/wp\/v2\/posts\/99\/revisions"}],"predecessor-version":[{"id":103,"href":"https:\/\/redesow.faccat.br\/wordpress\/sarauonline\/wp-json\/wp\/v2\/posts\/99\/revisions\/103"}],"wp:attachment":[{"href":"https:\/\/redesow.faccat.br\/wordpress\/sarauonline\/wp-json\/wp\/v2\/media?parent=99"}],"wp:term":[{"taxonomy":"category","embeddable":true,"href":"https:\/\/redesow.faccat.br\/wordpress\/sarauonline\/wp-json\/wp\/v2\/categories?post=99"},{"taxonomy":"post_tag","embeddable":true,"href":"https:\/\/redesow.faccat.br\/wordpress\/sarauonline\/wp-json\/wp\/v2\/tags?post=99"}],"curies":[{"name":"wp","href":"https:\/\/api.w.org\/{rel}","templated":true}]}}