{"id":21,"date":"2013-05-22T00:35:56","date_gmt":"2013-05-22T00:35:56","guid":{"rendered":"http:\/\/redesow.faccat.br\/wordpress\/viagem-no-tempo\/?p=21"},"modified":"2013-05-26T21:20:55","modified_gmt":"2013-05-26T21:20:55","slug":"a-historia-da-musica-ilustrada","status":"publish","type":"post","link":"https:\/\/redesow.faccat.br\/wordpress\/viagem-no-tempo\/a-historia-da-musica-ilustrada\/","title":{"rendered":"A HIST\u00d3RIA DA M\u00daSICA ILUSTRADA"},"content":{"rendered":"<p>Hist\u00f3ria da M\u00fasica (History of Music) Li\u00e7\u00f5es Ilustradas<br \/>\nV\u00eddeo sobre a evolu\u00e7\u00e3o da m\u00fasica ao longo do tempo, desenhado e editado por Pablo Morales de Los Rios (texto original em espanhol). Um show.<br \/>\nhttps:\/\/www.youtube.com\/watch?v=dpMBWdkKV3w<\/p>\n<p>Anima\u00e7\u00e3o e realiza\u00e7\u00e3o\/ Animation and realization &#8211; Jo\u00e3o Val\u00e9rio<br \/>\nUm projecto desenvolvido ao longo de cinco meses, que procura ilustrar de forma sucinta os per\u00edodos mais significativos para a constitui\u00e7\u00e3o da tradi\u00e7\u00e3o musical ocidental que actualmente conhecemos.<br \/>\nUm projecto de transdisciplinaridade, traduzindo a verdadeira ess\u00eancia da Hist\u00f3ria da M\u00fasica, n\u00e3o s\u00f3 composta por factos mas tamb\u00e9m por contextos culturais particulares, por um Zeitgeist caracter\u00edstico de cada era musical, pelos ambientes que procuram transparecer nas imagens.<br \/>\nUm projecto de pesquisa e s\u00edntese hist\u00f3rica, de tradu\u00e7\u00e3o de uma realidade complexa que \u00e9 a M\u00fasica.<\/p>\n<p>http:\/\/www.youtube.com\/watch?v=lCBocElXEso<\/p>\n<p>High Note: desenho animado da Warner Bros., de 1959, com figuras musicais animadas!<\/p>\n<div class=\"entry-content-asset\"><iframe loading=\"lazy\" title=\"A Hist\u00f3ria da M\u00fasica\" width=\"500\" height=\"375\" src=\"https:\/\/www.youtube.com\/embed\/wkudsICjvZs?feature=oembed\" frameborder=\"0\" allow=\"accelerometer; autoplay; clipboard-write; encrypted-media; gyroscope; picture-in-picture; web-share\" referrerpolicy=\"strict-origin-when-cross-origin\" allowfullscreen><\/iframe><\/div>\n","protected":false},"excerpt":{"rendered":"<p>Hist\u00f3ria da M\u00fasica (History of Music) Li\u00e7\u00f5es Ilustradas V\u00eddeo sobre a evolu\u00e7\u00e3o da m\u00fasica ao longo do tempo, desenhado e editado por Pablo Morales de Los Rios (texto original em espanhol). Um show. https:\/\/www.youtube.com\/watch?v=dpMBWdkKV3w Anima\u00e7\u00e3o e realiza\u00e7\u00e3o\/ Animation and realization &#8211; Jo\u00e3o Val\u00e9rio Um projecto desenvolvido ao longo de cinco meses, que procura ilustrar de forma sucinta os per\u00edodos mais significativos para a constitui\u00e7\u00e3o da tradi\u00e7\u00e3o musical ocidental que actualmente conhecemos. Um projecto de transdisciplinaridade, traduzindo a verdadeira ess\u00eancia da Hist\u00f3ria da M\u00fasica, n\u00e3o s\u00f3 composta por factos mas tamb\u00e9m por contextos culturais particulares, por um Zeitgeist caracter\u00edstico de cada era musical, pelos ambientes que procuram transparecer nas imagens. Um projecto de pesquisa e s\u00edntese hist\u00f3rica, de tradu\u00e7\u00e3o de uma realidade complexa que \u00e9 a M\u00fasica. http:\/\/www.youtube.com\/watch?v=lCBocElXEso High Note: desenho animado da Warner Bros., de 1959, com figuras musicais animadas!<\/p>\n","protected":false},"author":28,"featured_media":0,"comment_status":"open","ping_status":"open","sticky":false,"template":"","format":"standard","meta":{"footnotes":""},"categories":[2],"tags":[],"class_list":["post-21","post","type-post","status-publish","format-standard","hentry","category-a-historia-da-musica"],"_links":{"self":[{"href":"https:\/\/redesow.faccat.br\/wordpress\/viagem-no-tempo\/wp-json\/wp\/v2\/posts\/21","targetHints":{"allow":["GET"]}}],"collection":[{"href":"https:\/\/redesow.faccat.br\/wordpress\/viagem-no-tempo\/wp-json\/wp\/v2\/posts"}],"about":[{"href":"https:\/\/redesow.faccat.br\/wordpress\/viagem-no-tempo\/wp-json\/wp\/v2\/types\/post"}],"author":[{"embeddable":true,"href":"https:\/\/redesow.faccat.br\/wordpress\/viagem-no-tempo\/wp-json\/wp\/v2\/users\/28"}],"replies":[{"embeddable":true,"href":"https:\/\/redesow.faccat.br\/wordpress\/viagem-no-tempo\/wp-json\/wp\/v2\/comments?post=21"}],"version-history":[{"count":10,"href":"https:\/\/redesow.faccat.br\/wordpress\/viagem-no-tempo\/wp-json\/wp\/v2\/posts\/21\/revisions"}],"predecessor-version":[{"id":23,"href":"https:\/\/redesow.faccat.br\/wordpress\/viagem-no-tempo\/wp-json\/wp\/v2\/posts\/21\/revisions\/23"}],"wp:attachment":[{"href":"https:\/\/redesow.faccat.br\/wordpress\/viagem-no-tempo\/wp-json\/wp\/v2\/media?parent=21"}],"wp:term":[{"taxonomy":"category","embeddable":true,"href":"https:\/\/redesow.faccat.br\/wordpress\/viagem-no-tempo\/wp-json\/wp\/v2\/categories?post=21"},{"taxonomy":"post_tag","embeddable":true,"href":"https:\/\/redesow.faccat.br\/wordpress\/viagem-no-tempo\/wp-json\/wp\/v2\/tags?post=21"}],"curies":[{"name":"wp","href":"https:\/\/api.w.org\/{rel}","templated":true}]}}